{"id":836,"date":"2016-02-16T00:06:37","date_gmt":"2016-02-15T23:06:37","guid":{"rendered":"https:\/\/xn--thrapie-eau-mre-enfant-z7bm.fr\/?p=836"},"modified":"2023-06-30T12:24:27","modified_gmt":"2023-06-30T11:24:27","slug":"succion-non-nutritive-811-lage-du-langage","status":"publish","type":"post","link":"https:\/\/xn--thrapie-eau-mre-enfant-z7bm.fr\/index.php\/2016\/02\/16\/succion-non-nutritive-811-lage-du-langage\/","title":{"rendered":"Succion non nutritive &#8211; 8\/11 &#8211; L\u2019\u00e2ge du langage"},"content":{"rendered":"<p><span style=\"color: #333333;\"><strong>\u00a0<\/strong><\/span><\/p>\n<h4>Entre deux et trois ans, encore\u00a0:<br \/>\navant de parler, l\u2019enfant partage ses \u00e9tats psychiques \u00e0 diff\u00e9rents niveaux \u00e9motionnels, c\u2019est le langage infra verbal.<\/h4>\n<p><\/span><\/p>\n<p>Ce n\u2019est pas un code de mots mais un code de corps, une gestuelle avec la m\u00e8re, le p\u00e8re, les autres, les objets, les sensations, cela s\u2019appelle<strong> la communication analogique.<\/strong><\/p>\n<p><span style=\"color: #333333;\">Entre deux et trois ans, l\u2019enfant entre dans <strong>la communication digitale<\/strong>, qui passe par la musique du langage et se transmet en \u00e9nonc\u00e9s, pens\u00e9es, concepts, syllabes, puis lettres.<\/span><\/p>\n<p><span style=\"color: #333333;\">Les travaux de Nicolas Abraham et Maria Torok, ont montr\u00e9 les rapports entre la bouche, l\u2019alimentation et le langage\u00a0: il faut d\u2019abord QUE LA BOUCHE SOIT VIDE pour pouvoir se mettre a parler\u00a0 !<\/span><\/p>\n<p><span style=\"color: #333333;\">Autrement dit il faut <strong>perdre quelque chose<\/strong> pour pouvoir parler. Mais il faut aussi que l\u2019adulte soit r\u00e9ellement pr\u00e9sent en \u00e9cho (sons ou mots) dans le jeu avec l\u2019enfant sans sucette.<\/span><\/p>\n<p><span style=\"color: #333333;\">Il s\u2019agit d\u2019un <strong>jeu triangulaire<\/strong> qui met en sc\u00e8ne la m\u00e8re, le b\u00e9b\u00e9 et un objet quelconque. Cet objet devint un objet <strong>d\u2019attention conjointe,<\/strong> c\u2019est gr\u00e2ce \u00e0 cet objet, autour de cet objet, que l\u2019enfant et la m\u00e8re se retrouvent par le langage.<\/span><\/p>\n<p><span style=\"color: #333333;\"><\/span><\/p>\n<h2>La distanciation accept\u00e9e par l\u2019enfant,<\/h2>\n<p><span style=\"color: #333333;\"> (il n\u2019a plus un morceau de sa m\u00e8re en bouche) <\/p>\n<h2>va lui permettre d\u2019apprendre le langage maternel.<\/span><\/h2>\n<p>&nbsp;<\/p>\n<p><span style=\"color: #333333;\">L\u2019ACQUISITION du langage, n\u2019est pas simplement l\u2019acquisition d\u2019une fonction, mais v\u00e9ritablement la mise en forme de tout <strong>un monde inter-relationnel<\/strong>, un PONT entre l\u2019int\u00e9rieur de l\u2019enfant et son ext\u00e9rieur et pour int\u00e9grer cela l\u2019enfant doit conna\u00eetre le VIDE. Cet espace entre l\u2019objet et lui prendra forme par la parole et sera la fondation de la confiance en SOI.<\/span><\/p>\n","protected":false},"excerpt":{"rendered":"<p>\u00a0 Entre deux et trois ans, encore\u00a0: avant de parler, l\u2019enfant partage ses \u00e9tats psychiques \u00e0 diff\u00e9rents niveaux \u00e9motionnels, c\u2019est le langage infra verbal. Ce n\u2019est pas un code de mots mais un code de corps, une gestuelle avec la m\u00e8re, le p\u00e8re, les autres, les objets, les sensations, cela s\u2019appelle la communication analogique. Entre&hellip;<\/p>\n","protected":false},"author":4,"featured_media":0,"comment_status":"closed","ping_status":"open","sticky":false,"template":"","format":"standard","meta":{"footnotes":""},"categories":[8,1],"tags":[23,17,18,24,10,21,26,22,25,15,16,14,20,19,12,13,11],"class_list":["post-836","post","type-post","status-publish","format-standard","hentry","category-articles","category-article","tag-aix-en-provence","tag-aquatherapie","tag-autisme","tag-eau","tag-enfant","tag-foetoaquatherapie","tag-le-jardin-aquatique","tag-marie-schmitt","tag-mere","tag-nouveau-ne","tag-parent","tag-pouce","tag-psychotherapie","tag-relation","tag-succion","tag-sucette","tag-therapie","category-8","category-1","description-off"],"aioseo_notices":[],"_links":{"self":[{"href":"https:\/\/xn--thrapie-eau-mre-enfant-z7bm.fr\/index.php\/wp-json\/wp\/v2\/posts\/836","targetHints":{"allow":["GET"]}}],"collection":[{"href":"https:\/\/xn--thrapie-eau-mre-enfant-z7bm.fr\/index.php\/wp-json\/wp\/v2\/posts"}],"about":[{"href":"https:\/\/xn--thrapie-eau-mre-enfant-z7bm.fr\/index.php\/wp-json\/wp\/v2\/types\/post"}],"author":[{"embeddable":true,"href":"https:\/\/xn--thrapie-eau-mre-enfant-z7bm.fr\/index.php\/wp-json\/wp\/v2\/users\/4"}],"replies":[{"embeddable":true,"href":"https:\/\/xn--thrapie-eau-mre-enfant-z7bm.fr\/index.php\/wp-json\/wp\/v2\/comments?post=836"}],"version-history":[{"count":5,"href":"https:\/\/xn--thrapie-eau-mre-enfant-z7bm.fr\/index.php\/wp-json\/wp\/v2\/posts\/836\/revisions"}],"predecessor-version":[{"id":904,"href":"https:\/\/xn--thrapie-eau-mre-enfant-z7bm.fr\/index.php\/wp-json\/wp\/v2\/posts\/836\/revisions\/904"}],"wp:attachment":[{"href":"https:\/\/xn--thrapie-eau-mre-enfant-z7bm.fr\/index.php\/wp-json\/wp\/v2\/media?parent=836"}],"wp:term":[{"taxonomy":"category","embeddable":true,"href":"https:\/\/xn--thrapie-eau-mre-enfant-z7bm.fr\/index.php\/wp-json\/wp\/v2\/categories?post=836"},{"taxonomy":"post_tag","embeddable":true,"href":"https:\/\/xn--thrapie-eau-mre-enfant-z7bm.fr\/index.php\/wp-json\/wp\/v2\/tags?post=836"}],"curies":[{"name":"wp","href":"https:\/\/api.w.org\/{rel}","templated":true}]}}